[{"@context":"https:\/\/schema.org\/","@type":"Article","@id":"https:\/\/www.lixus.cz\/zjednoduseny-uklid\/#Article","mainEntityOfPage":"https:\/\/www.lixus.cz\/zjednoduseny-uklid\/","headline":"Zjednodu\u0161en\u00fd \u00faklid","name":"Zjednodu\u0161en\u00fd \u00faklid","description":"Postavili jste si sv\u016fj vysn\u011bn\u00fd d\u016fm a p\u0159em\u00fd\u0161l\u00edte, jak budete udr\u017eovat po\u0159\u00e1dek v\u00a0dom\u00e1cnosti? Tak j\u00e1 v\u00e1m s\u00a0t\u00edm dneska pom\u016f\u017eu a navedu v\u00e1s, jak ukl\u00edzet, aby V\u00e1m to vydr\u017eelo. Tak jak to budu ps\u00e1t, tak si p\u0159edstavte, \u017ee to je v\u00e1\u0161 d\u016fm anebo si to rozvrhn\u011bte sami, jak budete pot\u0159ebovat.\u00a0V\u00e1\u0161 d\u016fm m\u00e1 hlavn\u00ed vchod, a kdy\u017e [&hellip;]","datePublished":"2023-12-31","dateModified":"2023-12-31","author":{"@type":"Person","@id":"https:\/\/www.lixus.cz\/author\/#Person","name":"","url":"https:\/\/www.lixus.cz\/author\/","identifier":1,"image":{"@type":"ImageObject","@id":"https:\/\/secure.gravatar.com\/avatar\/70b0b0c6ef7dca5d65c935edece415df3e99a7281ef835a281ae62fb4236351b?s=96&d=mm&r=g","url":"https:\/\/secure.gravatar.com\/avatar\/70b0b0c6ef7dca5d65c935edece415df3e99a7281ef835a281ae62fb4236351b?s=96&d=mm&r=g","height":96,"width":96}},"publisher":{"@type":"Organization","name":"lixus.cz","logo":{"@type":"ImageObject","@id":"\/logo.png","url":"\/logo.png","width":600,"height":60}},"image":{"@type":"ImageObject","@id":"https:\/\/www.lixus.cz\/wp-content\/uploads\/pexels-jorgearturo-andrade-270022-921025_1.jpg","url":"https:\/\/www.lixus.cz\/wp-content\/uploads\/pexels-jorgearturo-andrade-270022-921025_1.jpg","height":0,"width":0},"url":"https:\/\/www.lixus.cz\/zjednoduseny-uklid\/","about":["Dom\u00e1cnost"],"wordCount":450,"articleBody":"Postavili jste si sv\u016fj vysn\u011bn\u00fd d\u016fm a p\u0159em\u00fd\u0161l\u00edte, jak budete udr\u017eovat po\u0159\u00e1dek v\u00a0dom\u00e1cnosti? Tak j\u00e1 v\u00e1m s\u00a0t\u00edm dneska pom\u016f\u017eu a navedu v\u00e1s, jak ukl\u00edzet, aby V\u00e1m to vydr\u017eelo. Tak jak to budu ps\u00e1t, tak si p\u0159edstavte, \u017ee to je v\u00e1\u0161 d\u016fm anebo si to rozvrhn\u011bte sami, jak budete pot\u0159ebovat.\u00a0V\u00e1\u0161 d\u016fm m\u00e1 hlavn\u00ed vchod, a kdy\u017e vejdete do bar\u00e1\u010dku, tak se nach\u00e1z\u00edte v\u00a0p\u0159eds\u00edni, tam skoro nic nem\u00e1te jenom v\u011b\u0161\u00e1k, sk\u0159\u00ed\u0148 a zrcadlo p\u0159\u00edpadn\u011b dekorace. N\u00e1sledn\u011b vch\u00e1z\u00edte do dal\u0161\u00ed p\u0159eds\u00edn\u011b, kter\u00e1 je takov\u00fd st\u0159ed bar\u00e1\u010dku. Tato p\u0159eds\u00ed\u0148 obsahuje \u010dtvery dve\u0159e. Jedny vedou na WC, druh\u00e9 vedou do ob\u00fdv\u00e1ku s\u00a0kuchyn\u00ed, t\u0159et\u00ed do \u0161atny a \u010dtvrt\u00e9 do komory. Kdy\u017e vejdeme do ob\u00fdv\u00e1ku s\u00a0kuchyn\u00ed, tak vedou dve\u0159e na zahradu a pak u\u017e n\u00e1sleduje kouzeln\u00e9 poschod\u00ed. Kdy\u017e vylezeme na prvn\u00ed patro, tak tam n\u00e1sleduje patery dve\u0159\u00ed. Dvoje dve\u0159e d\u011btsk\u00fd pokoj\u00ed\u010dky, dal\u0161\u00ed dvoje WC a koupelna a pak n\u00e1sleduje je\u0161t\u011b lo\u017enice. Tak si te\u010f p\u0159edstavte, \u017ee to je v\u00e1\u0161 d\u016fm a p\u016fjdeme ho te\u010f spolu postupn\u011b uklidit. P\u0159eds\u00ed\u0148Vyle\u0161t\u00edme zrcadlo Ut\u0159eme prach a botn\u00edk Vyklepeme roho\u017eku Vysajeme a vyt\u0159eme WC Vyle\u0161t\u00edme zrcadloUt\u0159eme prach na poli\u010dce pod zrcadlem Umyjeme umyvadlo, kachli\u010dky a WC1x za \u010das si porovnat \u00faklidovou sk\u0159\u00ed\u0148 Vyklepeme roho\u017eky Vysajeme a vyt\u0159eme Kuchy\u0148 Ot\u0159eme lednici, linku, k\u00e1vovar a sk\u0159\u00ed\u0148ky Umyjeme d\u0159ez a ot\u0159eme ko\u0159enkyUt\u0159eme kliky a sklo na dve\u0159\u00ed Jeliko\u017e m\u00e1me kuchy\u0148 spojenou s\u00a0ob\u00fdv\u00e1kem, tak se vyt\u0159e a\u017e na posledn\u00ed chv\u00edli. Ob\u00fdv\u00e1k Ut\u0159eme v\u0161ude prach na poli\u010dk\u00e1ch, st\u016fl a sv\u011btla Poklid\u00edme hra\u010dky Vyklepeme deku na gau\u010di i pol\u0161t\u00e1\u0159e Vysajeme ob\u00fdv\u00e1k i s\u00a0kuchyn\u00ed a n\u00e1sledn\u011b vyt\u0159eme \u00a0Vch\u00e1z\u00edme do prvn\u00edho patra a pokra\u010dujeme Schodi\u0161t\u011bOt\u0159eme li\u0161ty a vysajeme kobere\u010dky na schodech Koupelna Umyjeme vanu, umyvadlo Vyle\u0161t\u00edme zrcadlo a sprchov\u00fd kout\u00a0Ut\u0159eme poli\u010dky, WCVyklepeme roho\u017eky Vysajeme a vyt\u0159eme Pr\u00e1delna Vysajeme mezi pra\u010dkou Ot\u0159eme prach u oken Vysajeme a vyt\u0159eme A co se t\u00fd\u010de pokoj\u016f je to stejn\u00e9Ut\u0159eme prach Ut\u0159eme zrcadla, stolky, prostory u oken Poli\u010dky na chodb\u011b ut\u0159eme Vysajeme a vyt\u0159eme                                                                                                                                                                                                                                                                                                                                                                                         3.7\/5 - (8 votes)        "},{"@context":"https:\/\/schema.org\/","@type":"BreadcrumbList","itemListElement":[{"@type":"ListItem","position":1,"name":"Zjednodu\u0161en\u00fd \u00faklid","item":"https:\/\/www.lixus.cz\/zjednoduseny-uklid\/#breadcrumbitem"}]}]