[{"@context":"https:\/\/schema.org\/","@type":"Article","@id":"https:\/\/www.lixus.cz\/zapomenute-legendy-jay-jay-okocha\/#Article","mainEntityOfPage":"https:\/\/www.lixus.cz\/zapomenute-legendy-jay-jay-okocha\/","headline":"Zapomenut\u00e9 legendy: Jay Jay Okocha","name":"Zapomenut\u00e9 legendy: Jay Jay Okocha","description":"Jay Jay Okocha byl nigerijsk\u00fd ofenzivn\u00ed z\u00e1lo\u017en\u00edk, jen\u017e se proslavil svou fenomen\u00e1ln\u00ed technikou, d\u00edky kter\u00e9 byl ob\u010das p\u0159ezd\u00edv\u00e1n &#8222;Africk\u00fd Maradona&#8220;. K profesion\u00e1ln\u00edmu fotbalu se dostal tak trochu kuri\u00f3zn\u011b. V roce 1990 se vydal na dovolenou do N\u011bmecka, kde za t\u0159etiligovou Borussii Neunkirchen hr\u00e1l jeho kamar\u00e1d Binebi Numa. Ten jej pozval na tr\u00e9nink t\u00fdmu a Jay [&hellip;]","datePublished":"2019-07-18","dateModified":"2019-07-18","author":{"@type":"Person","@id":"https:\/\/www.lixus.cz\/author\/#Person","name":"","url":"https:\/\/www.lixus.cz\/author\/","identifier":1,"image":{"@type":"ImageObject","@id":"https:\/\/secure.gravatar.com\/avatar\/70b0b0c6ef7dca5d65c935edece415df3e99a7281ef835a281ae62fb4236351b?s=96&d=mm&r=g","url":"https:\/\/secure.gravatar.com\/avatar\/70b0b0c6ef7dca5d65c935edece415df3e99a7281ef835a281ae62fb4236351b?s=96&d=mm&r=g","height":96,"width":96}},"publisher":{"@type":"Organization","name":"lixus.cz","logo":{"@type":"ImageObject","@id":"\/logo.png","url":"\/logo.png","width":600,"height":60}},"image":{"@type":"ImageObject","@id":"https:\/\/www.lixus.cz\/wp-content\/uploads\/img_a350045_w2811_t1564920688.jpg","url":"https:\/\/www.lixus.cz\/wp-content\/uploads\/img_a350045_w2811_t1564920688.jpg","height":0,"width":0},"url":"https:\/\/www.lixus.cz\/zapomenute-legendy-jay-jay-okocha\/","wordCount":595,"articleBody":"Jay Jay Okocha byl nigerijsk\u00fd ofenzivn\u00ed z\u00e1lo\u017en\u00edk, jen\u017e se proslavil svou fenomen\u00e1ln\u00ed technikou, d\u00edky kter\u00e9 byl ob\u010das p\u0159ezd\u00edv\u00e1n &#8222;Africk\u00fd Maradona&#8220;. K profesion\u00e1ln\u00edmu fotbalu se dostal tak trochu kuri\u00f3zn\u011b. V roce 1990 se vydal na dovolenou do N\u011bmecka, kde za t\u0159etiligovou Borussii Neunkirchen hr\u00e1l jeho kamar\u00e1d Binebi Numa. Ten jej pozval na tr\u00e9nink t\u00fdmu a Jay natolik zaujal tren\u00e9ra, \u017ee mu druh\u00fd den nab\u00eddl profesion\u00e1ln\u00ed kontrakt.\u00a0\tA\u010dkoliv mu bylo 17 let, sv\u00fdmi schopnostmi v\u00fdrazn\u011b p\u0159evy\u0161oval zbytek t\u00fdmu. Nebylo tak zvl\u00e1\u0161tn\u00ed, \u017ee se po relativn\u011b kr\u00e1tk\u00e9 dob\u011b st\u011bhoval o d\u016fm d\u00e1l. Nejd\u0159\u00edve p\u00e1r m\u011bs\u00edc\u016f hostoval v druholigov\u00e9m Saarbr\u00fcckenu a o rok pozd\u011bji si jej v\u0161imli i v lize prvn\u00ed.\u00a0\tDal\u0161\u00ed \u010dty\u0159i sezony str\u00e1vil ve Frankfurtu, kter\u00fd hr\u00e1l Bundesligu. Frankfurt nebyl nikterak v\u00fdznamn\u00fd n\u011bmeck\u00fd klub, tak\u017ee nedos\u00e1hl na \u017e\u00e1dn\u00fd t\u00fdmov\u00fd \u00fasp\u011bch. Ale nesmazateln\u011b se zapsal do mysl\u00ed fanou\u0161k\u016f, nejen v r\u00e1mci N\u011bmecka. Okocha udivoval technick\u00fdmi finesami, zasek\u00e1va\u010dkami a v\u011bcmi, kter\u00e9 by si jin\u00ed nedovolili ani na tr\u00e9ninku. Do d\u011bjin vstoupil zejm\u00e9na jeho g\u00f3l proti Karlsruhe, kdy s\u00e1m uvnit\u0159 pokutov\u00e9ho \u00fazem\u00ed n\u011bkolika rychl\u00fdmi zasek\u00e1va\u010dkami vy\u0159adil nejen celou obranu n\u011bmeck\u00e9ho celku, ale tak\u00e9 dnes u\u017e legend\u00e1rn\u00edho brank\u00e1\u0159e Olivera Kahna. Tato branka byla zvolena g\u00f3lem roku.\u00a0\t\tV roce 1996 v\u0161ak Frankfurt sestoupil a jeho nejv\u011bt\u0161\u00ed hv\u011bzda se rozhodla t\u00fdm opustit. Za 1 milion liber p\u0159estoupil do tureck\u00e9ho Fenerbahce. V\u00a0Turecku str\u00e1vil celkem dva roky. V 62 z\u00e1pasech vst\u00edil 34 g\u00f3l\u016f a s Fenerbahce z\u00edskal dv\u011b trofeje.\u00a0\tD\u00edky t\u011bmto individu\u00e1ln\u00edm v\u00fdkon\u016fm si \u0159ekl o lukrativn\u011bj\u0161\u00ed anga\u017em\u00e1. V roce 1998 jej koupilo PSG za 14 milion\u016f liber, co\u017e z n\u011bj v t\u00e9 dob\u011b d\u011blalo nejdra\u017e\u0161\u00edho africk\u00e9ho fotbalistu historie. Pro srovn\u00e1n\u00ed za podobnou \u010d\u00e1stku v t\u00e9 dob\u011b p\u0159estupovali nap\u0159\u00edklad Jaap Stam do Manchesteru United, Patrick Kluivert do Barcelony nebo Thierry Henry do Juventusu. Ve Francii str\u00e1vil 4 roky. Krom\u011b toho, \u017ee t\u00fdmu pomohl ke dv\u011bma trofej\u00edm, sehr\u00e1l je\u0161t\u011b jednu d\u016fle\u017eitou roli. \u0158\u00edk\u00e1 se toti\u017e, \u017ee se stal mentorem mlad\u00e9ho Ronaldinha, kter\u00fd teprve za\u010d\u00ednal v Evrop\u011b.\u00a0\tPo MS 2002 znovu m\u011bnil dres. Tentokr\u00e1t jako voln\u00fd hr\u00e1\u010d, podepsal smlouvu v Boltonu. V anglick\u00e9m t\u00fdmu se stal mil\u00e1\u010dkem tribun. V prvn\u00ed sezon\u011b vst\u0159elil g\u00f3l roku a pomohl t\u00fdmu se vyhnout sestupu. V tom dal\u0161\u00edm dot\u00e1hl Bolton k historicky prvn\u00edmu poh\u00e1rov\u00e9mu fin\u00e1le. A dokonce dostal kapit\u00e1nskou p\u00e1sku. Tato poh\u00e1dka v\u0161ak netrvala dlouho. Kv\u016fli neshod\u00e1m s veden\u00edm se nejd\u0159\u00edve vzdal p\u00e1sky a potom, kdy\u017e Bolton sestupoval do druh\u00e9 ligy, po\u017e\u00e1dal veden\u00ed o p\u0159estup, proto\u017ee se mu nel\u00edbil nedostatek ambic\u00ed klubu a tak\u00e9 nedostate\u010dn\u00e9 pos\u00edlen\u00ed k\u00e1dru.\u00a0\tDal\u0161\u00ed sezonu tak str\u00e1vil v Kataru. Pro mnoho hr\u00e1\u010d\u016f by se to mohlo jevit jako konec kari\u00e9ry, ale Okocha se tomu pokusil vzep\u0159\u00edt. Na posledn\u00ed sezonu podepsal smlouvu s druholigov\u00fdm Hull City. Na sv\u00e9 p\u0159edchoz\u00ed v\u00fdkony ji\u017e nenav\u00e1zal a po 18 odehran\u00fdch z\u00e1pasech, kdy nevst\u0159elil \u017e\u00e1dn\u00fd g\u00f3l, ukon\u010dil v roce 2008 kari\u00e9ru.                                                                                                                                                                                                                                                                                                                                                                                        4.2\/5 - (6 votes)        "},{"@context":"https:\/\/schema.org\/","@type":"BreadcrumbList","itemListElement":[{"@type":"ListItem","position":1,"name":"Zapomenut\u00e9 legendy: Jay Jay Okocha","item":"https:\/\/www.lixus.cz\/zapomenute-legendy-jay-jay-okocha\/#breadcrumbitem"}]}]