[{"@context":"https:\/\/schema.org\/","@type":"Article","@id":"https:\/\/www.lixus.cz\/uklid-v-seniorskych-bytech\/#Article","mainEntityOfPage":"https:\/\/www.lixus.cz\/uklid-v-seniorskych-bytech\/","headline":"\u00daklid v seniorsk\u00fdch bytech","name":"\u00daklid v seniorsk\u00fdch bytech","description":"N\u011bkter\u00e9 seniorsk\u00e9 byty mohou b\u00fdt zanedban\u00e9, co se t\u00fd\u010de \u00faklidu jednotliv\u00fdch m\u00edstnost\u00ed. P\u0159edstavte si, \u017ee m\u00e1te star\u00e9 rodi\u010de, nav\u0161t\u011bvujete je v r\u00e1mci sv\u00fdch mo\u017enost\u00ed, a v\u0161imli jste si, \u017ee to v jejich byt\u011b nen\u00ed zrovna optim\u00e1ln\u00ed, co se t\u00fd\u010de \u00faklidu \u2013 ona jsou za\u0161pin\u011bn\u00e1, na okenn\u00edch parapetech a na n\u00e1bytku je prach, lustr tak\u00e9 nen\u00ed [&hellip;]","datePublished":"2024-08-11","dateModified":"2024-08-11","author":{"@type":"Person","@id":"https:\/\/www.lixus.cz\/author\/#Person","name":"","url":"https:\/\/www.lixus.cz\/author\/","identifier":1,"image":{"@type":"ImageObject","@id":"https:\/\/secure.gravatar.com\/avatar\/70b0b0c6ef7dca5d65c935edece415df3e99a7281ef835a281ae62fb4236351b?s=96&d=mm&r=g","url":"https:\/\/secure.gravatar.com\/avatar\/70b0b0c6ef7dca5d65c935edece415df3e99a7281ef835a281ae62fb4236351b?s=96&d=mm&r=g","height":96,"width":96}},"publisher":{"@type":"Organization","name":"lixus.cz","logo":{"@type":"ImageObject","@id":"\/logo.png","url":"\/logo.png","width":600,"height":60}},"image":{"@type":"ImageObject","@id":"https:\/\/www.lixus.cz\/wp-content\/uploads\/blinds-5928692_640_9.jpg","url":"https:\/\/www.lixus.cz\/wp-content\/uploads\/blinds-5928692_640_9.jpg","height":0,"width":0},"url":"https:\/\/www.lixus.cz\/uklid-v-seniorskych-bytech\/","about":["Byznys"],"wordCount":398,"articleBody":"      N\u011bkter\u00e9 seniorsk\u00e9 byty mohou b\u00fdt zanedban\u00e9, co se t\u00fd\u010de \u00faklidu jednotliv\u00fdch m\u00edstnost\u00ed. P\u0159edstavte si, \u017ee m\u00e1te star\u00e9 rodi\u010de, nav\u0161t\u011bvujete je v r\u00e1mci sv\u00fdch mo\u017enost\u00ed, a v\u0161imli jste si, \u017ee to v jejich byt\u011b nen\u00ed zrovna optim\u00e1ln\u00ed, co se t\u00fd\u010de \u00faklidu \u2013 ona jsou za\u0161pin\u011bn\u00e1, na okenn\u00edch parapetech a na n\u00e1bytku je prach, lustr tak\u00e9 nen\u00ed zrovna nale\u0161t\u011bn\u00fd a koberec je pln\u00fd skvrn, vy\u0161lapan\u00fdch cesti\u010dek a tak\u00e9 nelib\u011b p\u00e1chne. Cht\u011blo by to alespo\u0148 ob\u010das po\u0159\u00e1dn\u011b uklidit, ale jak to prov\u00e9st, kdy\u017e jste pracovn\u011b p\u0159et\u00ed\u017een\u00ed a nem\u00e1te na \u00faklid \u010das, ani n\u00e1ladu a mo\u017en\u00e1 ani dost sil? A\u0165 uklid\u00ed n\u011bkdo jin\u00fd TN \u00faklid \u2013 tato my\u0161lenka by v\u00e1s mohla napadnout v souvislosti se vzpom\u00ednkou na existenci \u00faklidov\u00fdch firem. To jsou p\u0159ece specialist\u00e9 a porad\u00ed si v byt\u011b se v\u0161\u00edm \u2013 vygruntuj\u00ed byt tak, jak by to m\u011blo b\u00fdt, a v \u010dist\u00e9m prost\u0159ed\u00ed se bude ka\u017ed\u00e9mu z v\u00e1s mnohem l\u00e9pe \u017e\u00edt. Je jasn\u00e9, \u017ee v \u010dist\u00e9m prost\u0159ed\u00ed se c\u00edt\u00edme l\u00e9pe, ne\u017e v zatuchl\u00e9 a temn\u00e9 ratejn\u011b nehled\u011b na to, \u017ee \u010d\u00edm v\u00edce \u0161p\u00edny a z\u00e1pachu, t\u00edm v\u00edce bakteri\u00ed, rozto\u010d\u016f a dal\u0161\u00edch mikroorganism\u016f, kter\u00e9 vdechujeme do krevn\u00edho ob\u011bhu a po\u0161kozuj\u00ed n\u00e1\u0161 organismus, co\u017e m\u016f\u017ee vy\u00fastit i v z\u00e1va\u017en\u00e1 onemocn\u011bn\u00ed.Sv\u011b\u0159te gener\u00e1ln\u00ed \u00faklid seniorsk\u00e9ho bytu profesion\u00e1l\u016fm, jsou to lid\u00e9, kte\u0159\u00ed si porad\u00ed s ka\u017edou drobnost\u00ed a hlavn\u011b provedou \u00faklid d\u016fkladn\u011b a precizn\u011b. Profesion\u00e1ln\u00ed \u00faklidov\u00e9 firmy pracuj\u00ed i ve firm\u00e1ch, kde prov\u00e1d\u00ed \u00faklid kancel\u00e1\u0159\u00ed \u010di jin\u00fdch provozoven, a berou si na starost i \u00faklid spole\u010dn\u00fdch prostor bytov\u00fdch dom\u016f, pokud se spole\u010denstv\u00ed vlastn\u00edk\u016f \u010di bytov\u00e9 dru\u017estvo dohodne na trval\u00e9 spolupr\u00e1ci. \u00daklidovou firmu m\u016f\u017eete po\u017e\u00e1dat i o specifick\u00e9 pracovn\u00ed \u010dinnosti, na kter\u00e9 amat\u00e9\u0159i nesta\u010d\u00ed, co\u017e je kup\u0159\u00edkladu \u010di\u0161t\u011bn\u00ed koberc\u016f a \u010daloun\u011bn\u00ed sedac\u00edch souprav nebo zdravotn\u00edch matrac\u00ed, tato m\u00edsta \u010dasem posb\u00edraj\u00ed velmi mnoho ne\u010distot a pr\u00e1v\u011b tam se zdr\u017euje nejv\u00edce nebezpe\u010dn\u00fdch patogenn\u00edch mikroorganism\u016f.                                                                                                                                                                                                                                                                                                                                                                                          4.4\/5 - (7 votes)        "},{"@context":"https:\/\/schema.org\/","@type":"BreadcrumbList","itemListElement":[{"@type":"ListItem","position":1,"name":"\u00daklid v seniorsk\u00fdch bytech","item":"https:\/\/www.lixus.cz\/uklid-v-seniorskych-bytech\/#breadcrumbitem"}]}]