[{"@context":"https:\/\/schema.org\/","@type":"Article","@id":"https:\/\/www.lixus.cz\/stale-nevite-kam-na-dovolenou\/#Article","mainEntityOfPage":"https:\/\/www.lixus.cz\/stale-nevite-kam-na-dovolenou\/","headline":"St\u00e1le nev\u00edte kam na dovolenou?","name":"St\u00e1le nev\u00edte kam na dovolenou?","description":"Letn\u00ed dovolen\u00e9 u mo\u0159e je nutn\u00e9 rezervovat u\u017e za\u010d\u00e1tkem zimy a na ja\u0159e. \u010c\u00edm d\u0159\u00edve si za\u010dnete dovolenou \u0159e\u0161it, t\u00edm l\u00e9pe pro v\u00e1s. Ka\u017ed\u00fd si chce vybrat dovolenou podle sv\u00fdch preferenc\u00ed, a pokud ji za\u010dnete \u0159e\u0161it pozd\u011bji, bude to probl\u00e9m z toho d\u016fvodu, \u017ee u\u017e nebude takov\u00fd v\u00fdb\u011br. M\u016f\u017ee se st\u00e1t \u017ee pobyty, kter\u00e9 byste [&hellip;]","datePublished":"2024-06-11","dateModified":"2024-06-11","author":{"@type":"Person","@id":"https:\/\/www.lixus.cz\/author\/#Person","name":"","url":"https:\/\/www.lixus.cz\/author\/","identifier":1,"image":{"@type":"ImageObject","@id":"https:\/\/secure.gravatar.com\/avatar\/70b0b0c6ef7dca5d65c935edece415df3e99a7281ef835a281ae62fb4236351b?s=96&d=mm&r=g","url":"https:\/\/secure.gravatar.com\/avatar\/70b0b0c6ef7dca5d65c935edece415df3e99a7281ef835a281ae62fb4236351b?s=96&d=mm&r=g","height":96,"width":96}},"publisher":{"@type":"Organization","name":"lixus.cz","logo":{"@type":"ImageObject","@id":"\/logo.png","url":"\/logo.png","width":600,"height":60}},"image":{"@type":"ImageObject","@id":"https:\/\/www.lixus.cz\/wp-content\/uploads\/pexels-wdnet-565324.jpg","url":"https:\/\/www.lixus.cz\/wp-content\/uploads\/pexels-wdnet-565324.jpg","height":0,"width":0},"url":"https:\/\/www.lixus.cz\/stale-nevite-kam-na-dovolenou\/","about":["Byznys"],"wordCount":409,"articleBody":"         Letn\u00ed dovolen\u00e9 u mo\u0159e je nutn\u00e9 rezervovat u\u017e za\u010d\u00e1tkem zimy a na ja\u0159e. \u010c\u00edm d\u0159\u00edve si za\u010dnete dovolenou \u0159e\u0161it, t\u00edm l\u00e9pe pro v\u00e1s. Ka\u017ed\u00fd si chce vybrat dovolenou podle sv\u00fdch preferenc\u00ed, a pokud ji za\u010dnete \u0159e\u0161it pozd\u011bji, bude to probl\u00e9m z toho d\u016fvodu, \u017ee u\u017e nebude takov\u00fd v\u00fdb\u011br. M\u016f\u017ee se st\u00e1t \u017ee pobyty, kter\u00e9 byste zva\u017eovali, u\u017e nebudou na term\u00edn, kdy budete m\u00edt dovolenou v pr\u00e1ci, dostupn\u00e9. A pr\u00e1v\u011b proto je pot\u0159eba si pobyt zarezervovat. Pokud si budete dovolenou \u0159e\u0161it p\u0159es cestovn\u00ed kancel\u00e1\u0159, je mo\u017en\u00e9 po\u010d\u00edtat s t\u00edm, \u017ee kancel\u00e1\u0159 v\u00e1m n\u011bjak\u00fd podobn\u00fd pobyt dok\u00e1\u017ee sehnat. Nen\u00ed na to ale 100% spoleh.Kdo jezd\u00ed k mo\u0159i, zva\u017euje hlavn\u011b cenov\u011b dostupn\u00e9 varianty. Mezi dlouhodob\u011b nejpopul\u00e1rn\u011bj\u0161\u00ed st\u00e1ty pro letn\u00ed dovolenou pat\u0159\u00ed It\u00e1lie, \u0158ecko a Chorvatsko. Pr\u00e1v\u011b do Chorvatska jezd\u00ed lid\u00e9 nej\u010dast\u011bji, proto\u017ee ceny za ubytov\u00e1n\u00ed i j\u00eddlo sice zdra\u017eily i tady, ale po\u0159\u00e1d nejsou tak vysoko jako jinde. A nav\u00edc je tu daleko v\u00edce apartm\u00e1n\u016f, kde si m\u016f\u017eete u\u017e\u00edvat naprost\u00e9 soukrom\u00ed i mo\u017enost si va\u0159it sami pro sebe.Apartm\u00e1ny jsou opravdu velice vyhled\u00e1van\u00e9, proto\u017ee m\u00e1te cel\u00fd byt sami pro sebe. Sami si ukl\u00edz\u00edte, sami si va\u0159\u00edte, a nemus\u00edte se spol\u00e9hat na to, \u017ee se stihnete v\u010das vr\u00e1tit na ve\u010de\u0159i v hotelu. Nebudou v\u00e1s omezovat ani p\u0159\u00edli\u0161 hlu\u010dn\u00ed host\u00e9 ze sousedn\u00edho pokoje, a zpravidla jsou apartm\u00e1ny levn\u011bj\u0161\u00ed. Jeden z popul\u00e1rn\u00edch a je\u0161t\u011b dostupn\u00fdch apartm\u00e1n\u016f je Terezie s terasou a v\u00fdhledem na mo\u0159e Najadranu.cz. Jde o modern\u011b vybaven\u00fd apartm\u00e1n, kde se budete c\u00edtit jako doma. Nach\u00e1z\u00ed se v Greba\u0161tici, co\u017e je opravdu popul\u00e1rn\u00ed m\u00edsto pro dovolenou. Zarezervujte si sv\u016fj pobyt je\u0161t\u011b te\u010f a m\u00e1te jistotu, \u017ee na v\u00e1s vyjde n\u011bkter\u00fd z term\u00edn\u016f, kter\u00fd se ozna\u010duje jako last minute. Cena postupn\u011b kles\u00e1 s t\u00edm jak kon\u010d\u00ed hlavn\u00ed turistick\u00e1 sezona, tak\u017ee za pron\u00e1jem apartm\u00e1nu m\u016f\u017eete je\u0161t\u011b u\u0161et\u0159it. U\u017eijte si leto\u0161n\u00ed dovolenou ve vlastn\u00edm ubytov\u00e1n\u00ed s celou rodinou.                                                                                                                                                                                                                                                                                                                                                                                          4\/5 - (5 votes)        "},{"@context":"https:\/\/schema.org\/","@type":"BreadcrumbList","itemListElement":[{"@type":"ListItem","position":1,"name":"St\u00e1le nev\u00edte kam na dovolenou?","item":"https:\/\/www.lixus.cz\/stale-nevite-kam-na-dovolenou\/#breadcrumbitem"}]}]