[{"@context":"https:\/\/schema.org\/","@type":"Article","@id":"https:\/\/www.lixus.cz\/slusnost-v-politice\/#Article","mainEntityOfPage":"https:\/\/www.lixus.cz\/slusnost-v-politice\/","headline":"Slu\u0161nost v politice","name":"Slu\u0161nost v politice","description":"J\u00e1 si mysl\u00edm, \u017ee v posledn\u00ed dob\u011b je politika opravdu hodn\u011b roz\u0161\u00ed\u0159en\u00e1. Neb\u00fdt politiky, tak by mnoho dosp\u011bl\u00fdch lid\u00ed se ani nem\u011blo o \u010dem bavit, a to vlastn\u011b nejenom dosp\u011bl\u00fdch, ale tak\u00e9 dosp\u00edvaj\u00edc\u00edch lid\u00ed. Dozv\u011bd\u011bla jsem se, \u017ee v posledn\u00ed dob\u011b dosp\u00edvaj\u00edc\u00ed lid\u00e9, vlastn\u011b dosp\u00edvaj\u00edc\u00ed d\u011bti, u\u017e tak\u00e9 se zaj\u00edmaj\u00ed o politiku a podobn\u011b. J\u00e1 [&hellip;]","datePublished":"2023-04-03","dateModified":"2023-04-03","author":{"@type":"Person","@id":"https:\/\/www.lixus.cz\/author\/#Person","name":"","url":"https:\/\/www.lixus.cz\/author\/","identifier":1,"image":{"@type":"ImageObject","@id":"https:\/\/secure.gravatar.com\/avatar\/70b0b0c6ef7dca5d65c935edece415df3e99a7281ef835a281ae62fb4236351b?s=96&d=mm&r=g","url":"https:\/\/secure.gravatar.com\/avatar\/70b0b0c6ef7dca5d65c935edece415df3e99a7281ef835a281ae62fb4236351b?s=96&d=mm&r=g","height":96,"width":96}},"publisher":{"@type":"Organization","name":"lixus.cz","logo":{"@type":"ImageObject","@id":"\/logo.png","url":"\/logo.png","width":600,"height":60}},"image":{"@type":"ImageObject","@id":"https:\/\/www.lixus.cz\/wp-content\/uploads\/hands-3343732_1280_1.jpg","url":"https:\/\/www.lixus.cz\/wp-content\/uploads\/hands-3343732_1280_1.jpg","height":0,"width":0},"url":"https:\/\/www.lixus.cz\/slusnost-v-politice\/","about":["Politika"],"wordCount":447,"articleBody":"J\u00e1 si mysl\u00edm, \u017ee v posledn\u00ed dob\u011b je politika opravdu hodn\u011b roz\u0161\u00ed\u0159en\u00e1. Neb\u00fdt politiky, tak by mnoho dosp\u011bl\u00fdch lid\u00ed se ani nem\u011blo o \u010dem bavit, a to vlastn\u011b nejenom dosp\u011bl\u00fdch, ale tak\u00e9 dosp\u00edvaj\u00edc\u00edch lid\u00ed. Dozv\u011bd\u011bla jsem se, \u017ee v posledn\u00ed dob\u011b dosp\u00edvaj\u00edc\u00ed lid\u00e9, vlastn\u011b dosp\u00edvaj\u00edc\u00ed d\u011bti, u\u017e tak\u00e9 se zaj\u00edmaj\u00ed o politiku a podobn\u011b. J\u00e1 abych se p\u0159iznala tak na jednu\u00a0stranu je tohle samoz\u0159ejm\u011b v\u00fdhoda, proto\u017ee alespo\u0148 u\u017e i mlad\u0161\u00ed ro\u010dn\u00edky budou v\u011bd\u011bt a budou ch\u00e1pat, co je to politika a nebo pro\u010d se o politiku v\u016fbec zaj\u00edmat.\u00a0Je to v\u016fbec dobr\u00e9, aby se t\u0159eba \u0161estn\u00e1ctilet\u00e9 nebo sedmn\u00e1ctilet\u00e9 d\u011bti zaj\u00edmaly o politiku? J\u00e1 si mysl\u00edm, \u017ee kdy\u017e se tohle nep\u0159eh\u00e1n\u00ed, tak\u00a0samoz\u0159ejm\u011b m\u00e1 to n\u011bco do sebe, tak se to vyplat\u00ed. Podle m\u00e9ho n\u00e1zoru by d\u011bti u\u017e t\u0159eba od dvac\u00e1t\u00e9ho roku \u017eivota by se m\u011bly tro\u0161i\u010dku v\u00edce intenzivn\u011b zaj\u00edmat o politiku, proto\u017ee potom to nedopad\u00e1 tak, \u017ee lid\u00e9 cht\u011bj\u00ed volit a vol\u00ed jenom tak pro z\u00e1bavu. Jenom, aby vlastn\u011b byli volit, proto\u017ee je to bav\u00ed volit a nebo t\u0159eba je jim \u010derstv\u011b osmn\u00e1ct\u00a0let a tak vol\u00ed n\u011bkoho, koho vol\u00ed jejich rodi\u010de.Samoz\u0159ejm\u011b, \u017ee j\u00e1 to d\u011blala tak\u00e9. A samoz\u0159ejm\u011b, \u017ee m\u011b ale politika moc nezaj\u00edmala, ale moji rodi\u010de mi jednodu\u0161e \u0159ekli, \u017ee m\u00e1m tu\u00a0politickou stranu, tak jsem je poslechla, p\u0159ece za to nic ned\u00e1m a bylo mi osmn\u00e1ct\u00a0let a cht\u011bla jsem si vyzkou\u0161et tak\u00e9 moje prvn\u00ed\u00a0povolen\u00e9 volen\u00ed. Mysl\u00edm si, \u017ee kdyby se t\u0159eba volilo a a\u017e od p\u011btadvac\u00e1t\u00e9ho roku, \u017ee by to bylo v\u00fdhodn\u011bj\u0161\u00ed, proto\u017ee od p\u011btadvac\u00e1t\u00e9ho roku u\u017e lid\u00e9 jsou p\u0159eci jenom v\u00edce vysp\u011blej\u0161\u00ed, ne\u017e t\u0159eba v osmn\u00e1ct letech. To je to sam\u00e9, \u017ee i v patn\u00e1cti\u00a0letech u\u017e lid\u00e9 m\u00edvaj\u00ed ob\u010danku nebo patn\u00e1cti\u00a0letech se m\u016f\u017eete rozhodnout, na jakou st\u0159edn\u00ed \u0161kolu p\u016fjdete. T\u0159eba j\u00e1 tohle v\u016fbec nev\u011bd\u011bla.\u00a0A kdy\u017e u\u017e se bav\u00edme o politice a \u0161kole, mysl\u00edte si, \u017ee by m\u011bla b\u00fdt tak\u00e9 n\u011bjak\u00e1 vysok\u00e1 politick\u00e1 \u0161kola? Podle m\u00e9ho n\u00e1zoru ano, a hlavn\u011b by se tam u\u010dili, jak se chovat slu\u0161n\u011b a jak se v politice v\u016fbec neh\u00e1dat.\u00a0                                                                                                                                                                                                                                                                                                                                                                                        4.7\/5 - (3 votes)        "},{"@context":"https:\/\/schema.org\/","@type":"BreadcrumbList","itemListElement":[{"@type":"ListItem","position":1,"name":"Slu\u0161nost v politice","item":"https:\/\/www.lixus.cz\/slusnost-v-politice\/#breadcrumbitem"}]}]