[{"@context":"https:\/\/schema.org\/","@type":"Article","@id":"https:\/\/www.lixus.cz\/proc-vidime-politiku-casto-cernobile\/#Article","mainEntityOfPage":"https:\/\/www.lixus.cz\/proc-vidime-politiku-casto-cernobile\/","headline":"Pro\u010d vid\u00edme politiku \u010dasto \u010dernob\u00edle","name":"Pro\u010d vid\u00edme politiku \u010dasto \u010dernob\u00edle","description":"O tom, \u017ee sv\u011bt nen\u00ed jen \u010dernob\u00edl\u00fd, nejsp\u00ed\u0161e nen\u00ed t\u0159eba nijak debatovat. Asi ka\u017ed\u00fd z\u00a0n\u00e1s v\u00ed, \u017ee v\u011bci jsou jen m\u00e1lokdy tak jednoduch\u00e9 a jasn\u00e9, jak se na prvn\u00ed pohled zdaj\u00ed. Toto v\u011bdom\u00ed n\u00e1s v\u0161ak okam\u017eit\u011b za\u010dne opou\u0161t\u011bt, jakmile jde o politiku. Zde je jak\u00e1koliv strana \u010di jak\u00fdkoliv politik bu\u010f dobr\u00fd, nebo \u0161patn\u00fd.\u00a0 Je tedy [&hellip;]","datePublished":"2023-09-28","dateModified":"2024-06-04","author":{"@type":"Person","@id":"https:\/\/www.lixus.cz\/author\/#Person","name":"","url":"https:\/\/www.lixus.cz\/author\/","identifier":1,"image":{"@type":"ImageObject","@id":"https:\/\/secure.gravatar.com\/avatar\/70b0b0c6ef7dca5d65c935edece415df3e99a7281ef835a281ae62fb4236351b?s=96&d=mm&r=g","url":"https:\/\/secure.gravatar.com\/avatar\/70b0b0c6ef7dca5d65c935edece415df3e99a7281ef835a281ae62fb4236351b?s=96&d=mm&r=g","height":96,"width":96}},"publisher":{"@type":"Organization","name":"lixus.cz","logo":{"@type":"ImageObject","@id":"\/logo.png","url":"\/logo.png","width":600,"height":60}},"image":{"@type":"ImageObject","@id":"https:\/\/www.lixus.cz\/wp-content\/uploads\/politika4_6.png","url":"https:\/\/www.lixus.cz\/wp-content\/uploads\/politika4_6.png","height":0,"width":0},"url":"https:\/\/www.lixus.cz\/proc-vidime-politiku-casto-cernobile\/","about":["Politika"],"wordCount":420,"articleBody":"O tom, \u017ee sv\u011bt nen\u00ed jen \u010dernob\u00edl\u00fd, nejsp\u00ed\u0161e nen\u00ed t\u0159eba nijak debatovat. Asi ka\u017ed\u00fd z\u00a0n\u00e1s v\u00ed, \u017ee v\u011bci jsou jen m\u00e1lokdy tak jednoduch\u00e9 a jasn\u00e9, jak se na prvn\u00ed pohled zdaj\u00ed. Toto v\u011bdom\u00ed n\u00e1s v\u0161ak okam\u017eit\u011b za\u010dne opou\u0161t\u011bt, jakmile jde o politiku. Zde je jak\u00e1koliv strana \u010di jak\u00fdkoliv politik bu\u010f dobr\u00fd, nebo \u0161patn\u00fd.\u00a0 Je tedy zaj\u00edmav\u00e9, \u017ee pr\u00e1v\u011b zde r\u016fzn\u00e9 odst\u00edny vid\u011bt odm\u00edt\u00e1me. Existuje v\u0161ak pro to velmi dobr\u00fd d\u016fvod.\u00a0\u00a0P\u0159edev\u0161\u00edm si mus\u00edme p\u0159iznat, \u017ee naprost\u00e1 v\u011bt\u0161ina z\u00a0n\u00e1s nev\u00ed o politice a p\u0159edev\u0161\u00edm o jej\u00edm vnit\u0159n\u00edm fungov\u00e1n\u00ed v\u00a0podstat\u011b nic. Jen m\u00e1lokdy v\u00edme p\u0159esn\u011b, pro\u010d se v\u00a0n\u011bkter\u00e9m hlasov\u00e1n\u00ed dan\u00fd politik zachoval tak, jak se zachoval, nezn\u00e1me skute\u010dn\u00e9 motivy. Tak\u00e9 nev\u00edme, jak\u00e9 zde panuj\u00ed vztahy a jak jsou ve skute\u010dnosti jednotliv\u00e9 resorty prov\u00e1zan\u00e9, p\u0159\u00edpadn\u011b o dohod\u00e1ch a kompromisech, kter\u00e9 byly uzav\u0159eny za zav\u0159en\u00fdmi dve\u0159mi.\u00a0To v\u0161ak znamen\u00e1, \u017ee danou stranu m\u016f\u017eeme soudit pouze podle pom\u011brn\u011b mal\u00e9ho mno\u017estv\u00ed informac\u00ed. Jist\u011b, v\u00edme zhruba, jak\u00e9 jsou jej\u00ed z\u00e1kladn\u00ed c\u00edle a co bude nejsp\u00ed\u0161e prosazovat, ale to je tak v\u0161e. U jednotliv\u00fdch politik\u016f je situace je\u0161t\u011b hor\u0161\u00ed, nebo\u0165 ti \u010dasto sleduj\u00ed p\u0159edev\u0161\u00edm sv\u00e9 osobn\u00ed c\u00edle a sna\u017e\u00ed se, aby o nich m\u011bli lid\u00e9 co nejlep\u0161\u00ed obraz. Ten v\u0161ak samoz\u0159ejm\u011b m\u016f\u017ee b\u00fdt od reality na hony vzd\u00e1len\u00fd.\u00a0\u00a0Tento trend vid\u00edme zvl\u00e1\u0161t\u011b p\u0159ed volbami, kdy se v\u0161ichni v\u00a0podstat\u011b p\u0159edh\u00e1n\u00ed v\u00a0tom, kdo na svou voli\u010dskou z\u00e1kladnu zap\u016fsob\u00ed nejl\u00e9pe. A t\u00edm vlastn\u011b \u010dernob\u00edl\u00fd obraz politiky vytv\u00e1\u0159\u00ed, nebo\u0165 mentalita \u201emy vs oni\u201c je zde velmi b\u011b\u017en\u00e1. Sta\u010d\u00ed se jen pod\u00edvat, kolik kampan\u00ed se zakl\u00e1d\u00e1 minim\u00e1ln\u011b z\u00a0\u010d\u00e1sti na o\u010der\u0148ov\u00e1n\u00ed politick\u00fdch konkurent\u016f.\u00a0Nen\u00ed tedy divu, \u017ee ve sv\u011btle t\u011bchto fakt\u016f m\u00e1me tak\u00e9 my pon\u011bkud zkreslen\u00fd pohled na politiku. Je tedy na \u010dase si to uv\u011bdomit, a podle toho tak\u00e9 jednat. Samoz\u0159ejm\u011b, v\u00a0podstat\u011b ka\u017ed\u00e9 volby jsou o zvolen\u00ed nejmen\u0161\u00edho zla, av\u0161ak je nutn\u00e9 si uv\u011bdomit, \u017ee ani v\u00a0politice nen\u00ed nikdo \u00fapln\u00fd svatou\u0161ek ani \u00fapln\u00fd \u010f\u00e1bel.                                                                                                                                                                                                                                                                                                                                                                                        3.8\/5 - (6 votes)        "},{"@context":"https:\/\/schema.org\/","@type":"BreadcrumbList","itemListElement":[{"@type":"ListItem","position":1,"name":"Pro\u010d vid\u00edme politiku \u010dasto \u010dernob\u00edle","item":"https:\/\/www.lixus.cz\/proc-vidime-politiku-casto-cernobile\/#breadcrumbitem"}]}]