[{"@context":"https:\/\/schema.org\/","@type":"Article","@id":"https:\/\/www.lixus.cz\/pro-zvane-jsou-tu-brany\/#Article","mainEntityOfPage":"https:\/\/www.lixus.cz\/pro-zvane-jsou-tu-brany\/","headline":"Pro zvan\u00e9 jsou tu br\u00e1ny","name":"Pro zvan\u00e9 jsou tu br\u00e1ny","description":"Ten, kdo je v na\u0161ich objektech zvan\u00fd, se do nich m\u00e1 m\u00edt mo\u017enost dostat. Ti ostatn\u00ed pro zm\u011bnu nikoliv, ti maj\u00ed z\u016fstat st\u016fj co st\u016fj n\u011bkde mimo. A aby se jedn\u011bm zabr\u00e1nilo ve vstupu a druh\u00fdm v n\u011bm nic nebr\u00e1nilo, je t\u0159eba naj\u00edt \u0159e\u0161en\u00ed, kter\u00e9 je vhodn\u00e9 pro ob\u011b zm\u00edn\u011bn\u00e9 skute\u010dnosti. A t\u00edm je oplocen\u00ed [&hellip;]","datePublished":"2024-11-19","dateModified":"2024-11-19","author":{"@type":"Person","@id":"https:\/\/www.lixus.cz\/author\/#Person","name":"","url":"https:\/\/www.lixus.cz\/author\/","identifier":1,"image":{"@type":"ImageObject","@id":"https:\/\/secure.gravatar.com\/avatar\/70b0b0c6ef7dca5d65c935edece415df3e99a7281ef835a281ae62fb4236351b?s=96&d=mm&r=g","url":"https:\/\/secure.gravatar.com\/avatar\/70b0b0c6ef7dca5d65c935edece415df3e99a7281ef835a281ae62fb4236351b?s=96&d=mm&r=g","height":96,"width":96}},"publisher":{"@type":"Organization","name":"lixus.cz","logo":{"@type":"ImageObject","@id":"\/logo.png","url":"\/logo.png","width":600,"height":60}},"image":{"@type":"ImageObject","@id":"https:\/\/www.lixus.cz\/wp-content\/uploads\/gggggggggggggggggggggggggggggggggggggggg.jpg","url":"https:\/\/www.lixus.cz\/wp-content\/uploads\/gggggggggggggggggggggggggggggggggggggggg.jpg","height":0,"width":0},"url":"https:\/\/www.lixus.cz\/pro-zvane-jsou-tu-brany\/","about":["Nakupov\u00e1n\u00ed"],"wordCount":438,"articleBody":"   Ten, kdo je v na\u0161ich objektech zvan\u00fd, se do nich m\u00e1 m\u00edt mo\u017enost dostat. Ti ostatn\u00ed pro zm\u011bnu nikoliv, ti maj\u00ed z\u016fstat st\u016fj co st\u016fj n\u011bkde mimo. A aby se jedn\u011bm zabr\u00e1nilo ve vstupu a druh\u00fdm v n\u011bm nic nebr\u00e1nilo, je t\u0159eba naj\u00edt \u0159e\u0161en\u00ed, kter\u00e9 je vhodn\u00e9 pro ob\u011b zm\u00edn\u011bn\u00e9 skute\u010dnosti. A t\u00edm je oplocen\u00ed kv\u016fli t\u011bm nezvan\u00fdm, a v n\u011bm br\u00e1na, kter\u00e1 se otev\u0159e t\u011bm, kdo jsou zde v\u00edtan\u00ed. Plot je pom\u011brn\u011b banalita. Na n\u011bm nen\u00ed nic sofistikovan\u00e9ho, ten se prost\u011b postav\u00ed a stoj\u00ed. Ale s takovou br\u00e1nou u\u017e je to p\u0159ece jenom n\u00e1ro\u010dn\u011bj\u0161\u00ed. Ta se mus\u00ed otv\u00edrat i zav\u00edrat, a u\u017e i jenom tato skute\u010dnost vy\u017eaduje, aby se zvolila ta, je\u017e bude pro dan\u00fd \u00fa\u010del vyhovovat nejl\u00e9pe. A sotva si n\u011bkde n\u011bjakou tu br\u00e1nu v plot\u011b postav\u00edme, mus\u00edme se za\u010d\u00edt zaj\u00edmat i o pohony posuvn\u00fdch bran. Proto\u017ee by bylo n\u011bkdy nepohodln\u00e9 a n\u011bkdy i p\u0159\u00edmo nemysliteln\u00e9, abychom k br\u00e1n\u011b b\u011bhali v\u017edy, kdy\u017e se n\u00e1s chyst\u00e1 n\u011bkdo nav\u0161t\u00edvit, a abychom ji p\u0159ed ka\u017ed\u00fdm takov\u00fdm n\u00e1v\u0161t\u011bvn\u00edkem pracn\u011b ru\u010dn\u011b otv\u00edrali a za n\u00edm ji zase zav\u00edrali. Takovou \u010dinnost si je z\u00e1hodno uleh\u010dit, a d\u00edky tomu, \u017ee je to i mo\u017en\u00e9, bychom si m\u011bli n\u011bjak\u00fd ten pohon br\u00e1ny vybrat.Proto\u017ee si jist\u011b dok\u00e1\u017eete p\u0159edstavit, o\u010d jednodu\u0161\u0161\u00ed to m\u00e1 n\u011bkdo, kdo m\u00e1 pohon n\u011bkter\u00e9 z posuvn\u00fdch \u010di oto\u010dn\u00fdch bran a m\u00e1 tu tedy o starost m\u00e9n\u011b. Prost\u011b si takov\u00fd pohon nech\u00e1 nainstalovat a pokud si ho dob\u0159e vybere, tedy zvol\u00ed spr\u00e1vn\u00e9ho dodavatele, m\u00e1 na hodn\u011b dlouho vystar\u00e1no. Proto\u017ee zde dod\u00e1van\u00e9 pohony skute\u010dn\u011b hodn\u011b vydr\u017e\u00ed a neb\u00fdvaj\u00ed s nimi probl\u00e9my.A kdy\u017e na to p\u0159ijde, nevad\u00ed dokonce ani to, \u017ee k takov\u00e9 br\u00e1n\u011b nen\u00ed zavedena elekt\u0159ina. I bez t\u00e9 se n\u011bkter\u00e9 z podobn\u00fdch pohon\u016f obejdou. Nebo p\u0159esn\u011bji neobejdou, ale d\u00edky sol\u00e1rn\u00edmu zdroji a baterii s nimi nen\u00ed probl\u00e9m ani v podobn\u00e9 situaci.A tak si poj\u010fte vybrat ten spr\u00e1vn\u00fd pohon pro va\u0161i br\u00e1nu. Abyste si t\u00edmto i vy zp\u0159\u00edjemnili a usnadnili vstup do sv\u00fdch objekt\u016f.                                                                                                                                                                                                                                                                                                                                                                                          4.2\/5 - (5 votes)        "},{"@context":"https:\/\/schema.org\/","@type":"BreadcrumbList","itemListElement":[{"@type":"ListItem","position":1,"name":"Pro zvan\u00e9 jsou tu br\u00e1ny","item":"https:\/\/www.lixus.cz\/pro-zvane-jsou-tu-brany\/#breadcrumbitem"}]}]