[{"@context":"https:\/\/schema.org\/","@type":"Article","@id":"https:\/\/www.lixus.cz\/prekrasna-dovolena-u-more\/#Article","mainEntityOfPage":"https:\/\/www.lixus.cz\/prekrasna-dovolena-u-more\/","headline":"P\u0159ekr\u00e1sn\u00e1 dovolen\u00e1 u mo\u0159e","name":"P\u0159ekr\u00e1sn\u00e1 dovolen\u00e1 u mo\u0159e","description":"Cht\u011bli byste se i vy vypravit k mo\u0159i, ale nev\u00edte, jakou destinaci vybrat, abyste byli skute\u010dn\u011b spokojen\u00ed? Pokud chcete vsadit na n\u011bco skv\u011bl\u00e9ho, opravdu osv\u011bd\u010den\u00e9ho a zaru\u010den\u011b dobr\u00e9ho, tak nev\u00e1hejte a dejte \u0161anci pr\u00e1v\u011b ostrovu Krk, kter\u00fd si zamilujete okam\u017eit\u011b po prvn\u00ed n\u00e1v\u0161t\u011bv\u011b. Nen\u00ed se \u010demu divit, je to m\u00edsto, kde se prol\u00edn\u00e1 kr\u00e1sn\u00e1 p\u0159\u00edroda [&hellip;]","datePublished":"2023-06-16","dateModified":"2024-06-19","author":{"@type":"Person","@id":"https:\/\/www.lixus.cz\/author\/#Person","name":"","url":"https:\/\/www.lixus.cz\/author\/","identifier":1,"image":{"@type":"ImageObject","@id":"https:\/\/secure.gravatar.com\/avatar\/70b0b0c6ef7dca5d65c935edece415df3e99a7281ef835a281ae62fb4236351b?s=96&d=mm&r=g","url":"https:\/\/secure.gravatar.com\/avatar\/70b0b0c6ef7dca5d65c935edece415df3e99a7281ef835a281ae62fb4236351b?s=96&d=mm&r=g","height":96,"width":96}},"publisher":{"@type":"Organization","name":"lixus.cz","logo":{"@type":"ImageObject","@id":"\/logo.png","url":"\/logo.png","width":600,"height":60}},"url":"https:\/\/www.lixus.cz\/prekrasna-dovolena-u-more\/","wordCount":238,"articleBody":"Cht\u011bli byste se i vy vypravit k mo\u0159i, ale nev\u00edte, jakou destinaci vybrat, abyste byli skute\u010dn\u011b spokojen\u00ed? Pokud chcete vsadit na n\u011bco skv\u011bl\u00e9ho, opravdu osv\u011bd\u010den\u00e9ho a zaru\u010den\u011b dobr\u00e9ho, tak nev\u00e1hejte a dejte \u0161anci pr\u00e1v\u011b ostrovu Krk, kter\u00fd si zamilujete okam\u017eit\u011b po prvn\u00ed n\u00e1v\u0161t\u011bv\u011b. Nen\u00ed se \u010demu divit, je to m\u00edsto, kde se prol\u00edn\u00e1 kr\u00e1sn\u00e1 p\u0159\u00edroda s dokonalou faunou a tak\u00e9 n\u00e1dhern\u00fdm mo\u0159em. Kdo by odolal p\u0159\u00edjemn\u00e9mu letn\u00edmu slun\u00ed\u010dku, dokonal\u00e9mu teplu a tak\u00e9 spoust\u011b p\u0159\u00edjemn\u00fdch lid\u00ed, kte\u0159\u00ed jsou ochotn\u00ed a na turisty opravdu mil\u00ed?\tMo\u017enost pro ka\u017ed\u00e9hoOstrov Krk je dostupn\u00fd zcela ka\u017ed\u00e9mu, tedy i v\u00e1m. Je to toti\u017e m\u00edsto, kter\u00e9 le\u017e\u00ed opravu bl\u00edzko \u010cesk\u00e9 republice, od Rakouska v\u00e1s bude tomuto p\u0159ekr\u00e1sn\u00e9mu m\u00edstu d\u011blit pouh\u00fdch \u0161est set kilometr\u016f, co\u017e nen\u00ed automobilem zcela \u017e\u00e1dn\u00fd probl\u00e9m. Nev\u00e1hejte tedy ani vy a vsa\u010fte na tuto perlu Jadranu, kterou si zamilujete a kter\u00e1 se pro v\u00e1s stane naprosto nezapomenutelnou a obl\u00edbenou. Dovolenou u mo\u0159e si m\u016f\u017ee v dne\u0161n\u00ed dob\u011b dop\u0159\u00e1t naprosto kdokoliv, tak pro\u010d ne pr\u00e1v\u011b vy? Mo\u017enost\u00ed, jak se sem dopravit m\u00e1te spoustu, m\u016f\u017eete zvolit t\u0159eba i vlastn\u00ed dopravu.                                                                                                                                                                                                                                                                                                                                                                                        4.5\/5 - (6 votes)        "},{"@context":"https:\/\/schema.org\/","@type":"BreadcrumbList","itemListElement":[{"@type":"ListItem","position":1,"name":"P\u0159ekr\u00e1sn\u00e1 dovolen\u00e1 u mo\u0159e","item":"https:\/\/www.lixus.cz\/prekrasna-dovolena-u-more\/#breadcrumbitem"}]}]