[{"@context":"https:\/\/schema.org\/","@type":"Article","@id":"https:\/\/www.lixus.cz\/patrova-postel-se-stane-jiste-oblibenym-mistem-odpocinku-vasich-deti\/#Article","mainEntityOfPage":"https:\/\/www.lixus.cz\/patrova-postel-se-stane-jiste-oblibenym-mistem-odpocinku-vasich-deti\/","headline":"Patrov\u00e1 postel se stane jist\u011b obl\u00edben\u00fdm m\u00edstem odpo\u010dinku Va\u0161ich d\u011bt\u00ed","name":"Patrov\u00e1 postel se stane jist\u011b obl\u00edben\u00fdm m\u00edstem odpo\u010dinku Va\u0161ich d\u011bt\u00ed","description":"Spolehliv\u00fd distributor a v\u00fdrobce v jednom se na internetov\u00fdch obchodech hled\u00e1 velmi slo\u017eit\u011b. My v\u00e1m nab\u00eddneme mo\u017enost si vyb\u00edrat patrov\u00e9 postele i jin\u00fd n\u00e1bytek p\u0159\u00edmo u v\u00fdrobce, kter\u00fd zn\u00e1 pot\u0159eby a p\u0159\u00e1n\u00ed sv\u00fdch z\u00e1kazn\u00edk\u016f, kte\u0159\u00ed se k n\u011bmu st\u00e1le r\u00e1di vracej\u00ed. Kvalitn\u00ed patrov\u00e1 postel, kterou naleznete v na\u0161ich kataloz\u00edch je vyrobena z masivn\u00edho d\u0159eva a [&hellip;]","datePublished":"2025-03-09","dateModified":"2025-03-09","author":{"@type":"Person","@id":"https:\/\/www.lixus.cz\/author\/#Person","name":"","url":"https:\/\/www.lixus.cz\/author\/","identifier":1,"image":{"@type":"ImageObject","@id":"https:\/\/secure.gravatar.com\/avatar\/70b0b0c6ef7dca5d65c935edece415df3e99a7281ef835a281ae62fb4236351b?s=96&d=mm&r=g","url":"https:\/\/secure.gravatar.com\/avatar\/70b0b0c6ef7dca5d65c935edece415df3e99a7281ef835a281ae62fb4236351b?s=96&d=mm&r=g","height":96,"width":96}},"publisher":{"@type":"Organization","name":"lixus.cz","logo":{"@type":"ImageObject","@id":"\/logo.png","url":"\/logo.png","width":600,"height":60}},"url":"https:\/\/www.lixus.cz\/patrova-postel-se-stane-jiste-oblibenym-mistem-odpocinku-vasich-deti\/","wordCount":168,"articleBody":"Spolehliv\u00fd distributor a v\u00fdrobce v jednom se na internetov\u00fdch obchodech hled\u00e1 velmi slo\u017eit\u011b. My v\u00e1m nab\u00eddneme mo\u017enost si vyb\u00edrat patrov\u00e9 postele i jin\u00fd n\u00e1bytek p\u0159\u00edmo u v\u00fdrobce, kter\u00fd zn\u00e1 pot\u0159eby a p\u0159\u00e1n\u00ed sv\u00fdch z\u00e1kazn\u00edk\u016f, kte\u0159\u00ed se k n\u011bmu st\u00e1le r\u00e1di vracej\u00ed.Kvalitn\u00ed patrov\u00e1 postel, kterou naleznete v na\u0161ich kataloz\u00edch je vyrobena z masivn\u00edho d\u0159eva a jej\u00ed povrchov\u00e1 \u00faprava je odoln\u00e1 proti nehod\u00e1m, vznikl\u00fdm b\u011b\u017en\u00fdm u\u017e\u00edv\u00e1n\u00edm i hravost\u00ed d\u011bt\u00ed, pro kter\u00e9 b\u00fdv\u00e1 p\u0159edev\u0161\u00edm ur\u010dena.N\u00e1bytek nejen pro d\u011btiPatrov\u00e1 postel je velmi obl\u00edben\u00fdm \u0159e\u0161en\u00edm men\u0161\u00edho prostorunejen v d\u011btsk\u00e9m pokoji, ale v men\u0161\u00edch bytech, proto\u017ee otv\u00edr\u00e1 mo\u017enosti jin\u00e9ho vyu\u017eit\u00ed plochy na p\u0159\u00edklad pro psac\u00ed st\u016fl, sezen\u00ed na gau\u010di, \u00falo\u017en\u00e9 a \u00faschovn\u00e9 prostory, knihovny a podobn\u011b.                                                                                                                                                                                                                                                                                                                                                                                        5\/5 - (1 vote)        "},{"@context":"https:\/\/schema.org\/","@type":"BreadcrumbList","itemListElement":[{"@type":"ListItem","position":1,"name":"Patrov\u00e1 postel se stane jist\u011b obl\u00edben\u00fdm m\u00edstem odpo\u010dinku Va\u0161ich d\u011bt\u00ed","item":"https:\/\/www.lixus.cz\/patrova-postel-se-stane-jiste-oblibenym-mistem-odpocinku-vasich-deti\/#breadcrumbitem"}]}]