[{"@context":"https:\/\/schema.org\/","@type":"Blog","@id":"https:\/\/www.lixus.cz#Blog","headline":"Lixus","description":"\nN\u011bkter\u00e9 weby nejsou k\u00a0ni\u010demu, n\u011bkter\u00e9 dokonce dok\u00e1\u017eou lidem i \u0161kodit. Ale existuje i prav\u00fd opak. A k\u00a0web\u016fm-pomocn\u00edk\u016fm pat\u0159\u00ed nesporn\u011b i tento n\u00e1\u0161.","url":"https:\/\/www.lixus.cz","hasPart":[{"@type":"Article","@id":"https:\/\/www.lixus.cz\/jak-si-financne-polepsit\/","headline":"Jak si finan\u010dn\u011b polep\u0161it?","url":"https:\/\/www.lixus.cz\/jak-si-financne-polepsit\/","datePublished":"2023-07-18","dateModified":"2023-07-18","mainEntityOfPage":"https:\/\/www.lixus.cz\/jak-si-financne-polepsit\/","author":{"@type":"Person","@id":"https:\/\/www.lixus.cz\/author\/#Person","name":"","url":"https:\/\/www.lixus.cz\/author\/","identifier":1,"image":{"@type":"ImageObject","@id":"https:\/\/secure.gravatar.com\/avatar\/70b0b0c6ef7dca5d65c935edece415df3e99a7281ef835a281ae62fb4236351b?s=96&d=mm&r=g","url":"https:\/\/secure.gravatar.com\/avatar\/70b0b0c6ef7dca5d65c935edece415df3e99a7281ef835a281ae62fb4236351b?s=96&d=mm&r=g","height":96,"width":96}},"publisher":{"@type":"Organization","name":"lixus.cz","logo":{"@type":"ImageObject","@id":"\/logo.png","url":"\/logo.png","width":600,"height":60}},"image":{"@type":"ImageObject","@id":"https:\/\/www.lixus.cz\/wp-content\/uploads\/pounds-1780845_1280.jpg","url":"https:\/\/www.lixus.cz\/wp-content\/uploads\/pounds-1780845_1280.jpg","height":0,"width":0},"wordCount":653,"keywords":null},{"@type":"Article","@id":"https:\/\/www.lixus.cz\/kam-ulozit-osobni-veci-pri-rekonstrukci-domu\/","headline":"Kam ulo\u017eit osobn\u00ed v\u011bci p\u0159i rekonstrukci domu","url":"https:\/\/www.lixus.cz\/kam-ulozit-osobni-veci-pri-rekonstrukci-domu\/","datePublished":"2023-07-18","dateModified":"2023-07-18","mainEntityOfPage":"https:\/\/www.lixus.cz\/kam-ulozit-osobni-veci-pri-rekonstrukci-domu\/","author":{"@type":"Person","@id":"https:\/\/www.lixus.cz\/author\/#Person","name":"","url":"https:\/\/www.lixus.cz\/author\/","identifier":1,"image":{"@type":"ImageObject","@id":"https:\/\/secure.gravatar.com\/avatar\/70b0b0c6ef7dca5d65c935edece415df3e99a7281ef835a281ae62fb4236351b?s=96&d=mm&r=g","url":"https:\/\/secure.gravatar.com\/avatar\/70b0b0c6ef7dca5d65c935edece415df3e99a7281ef835a281ae62fb4236351b?s=96&d=mm&r=g","height":96,"width":96}},"publisher":{"@type":"Organization","name":"lixus.cz","logo":{"@type":"ImageObject","@id":"\/logo.png","url":"\/logo.png","width":600,"height":60}},"image":{"@type":"ImageObject","@id":"https:\/\/www.lixus.cz\/wp-content\/uploads\/hamburgensien-3633854_640.jpg","url":"https:\/\/www.lixus.cz\/wp-content\/uploads\/hamburgensien-3633854_640.jpg","height":0,"width":0},"wordCount":533,"keywords":null},{"@type":"Article","@id":"https:\/\/www.lixus.cz\/prekrasna-dovolena-u-more\/","headline":"P\u0159ekr\u00e1sn\u00e1 dovolen\u00e1 u mo\u0159e","url":"https:\/\/www.lixus.cz\/prekrasna-dovolena-u-more\/","datePublished":"2023-06-16","dateModified":"2024-06-19","mainEntityOfPage":"https:\/\/www.lixus.cz\/prekrasna-dovolena-u-more\/","author":{"@type":"Person","@id":"https:\/\/www.lixus.cz\/author\/#Person","name":"","url":"https:\/\/www.lixus.cz\/author\/","identifier":1,"image":{"@type":"ImageObject","@id":"https:\/\/secure.gravatar.com\/avatar\/70b0b0c6ef7dca5d65c935edece415df3e99a7281ef835a281ae62fb4236351b?s=96&d=mm&r=g","url":"https:\/\/secure.gravatar.com\/avatar\/70b0b0c6ef7dca5d65c935edece415df3e99a7281ef835a281ae62fb4236351b?s=96&d=mm&r=g","height":96,"width":96}},"publisher":{"@type":"Organization","name":"lixus.cz","logo":{"@type":"ImageObject","@id":"\/logo.png","url":"\/logo.png","width":600,"height":60}},"image":null,"wordCount":276,"keywords":null},{"@type":"Article","@id":"https:\/\/www.lixus.cz\/divky-ktere-to-maji-rady\/","headline":"D\u00edvky, kter\u00e9 to maj\u00ed r\u00e1dy","url":"https:\/\/www.lixus.cz\/divky-ktere-to-maji-rady\/","datePublished":"2023-05-30","dateModified":"2024-06-04","mainEntityOfPage":"https:\/\/www.lixus.cz\/divky-ktere-to-maji-rady\/","author":{"@type":"Person","@id":"https:\/\/www.lixus.cz\/author\/#Person","name":"","url":"https:\/\/www.lixus.cz\/author\/","identifier":1,"image":{"@type":"ImageObject","@id":"https:\/\/secure.gravatar.com\/avatar\/70b0b0c6ef7dca5d65c935edece415df3e99a7281ef835a281ae62fb4236351b?s=96&d=mm&r=g","url":"https:\/\/secure.gravatar.com\/avatar\/70b0b0c6ef7dca5d65c935edece415df3e99a7281ef835a281ae62fb4236351b?s=96&d=mm&r=g","height":96,"width":96}},"publisher":{"@type":"Organization","name":"lixus.cz","logo":{"@type":"ImageObject","@id":"\/logo.png","url":"\/logo.png","width":600,"height":60}},"image":null,"wordCount":298,"keywords":null},{"@type":"Article","@id":"https:\/\/www.lixus.cz\/autofolie-morava-byla-moje-spravna-volba\/","headline":"Autof\u00f3lie Morava byla moje spr\u00e1vn\u00e1 volba","url":"https:\/\/www.lixus.cz\/autofolie-morava-byla-moje-spravna-volba\/","datePublished":"2023-05-29","dateModified":"2024-06-04","mainEntityOfPage":"https:\/\/www.lixus.cz\/autofolie-morava-byla-moje-spravna-volba\/","author":{"@type":"Person","@id":"https:\/\/www.lixus.cz\/author\/#Person","name":"","url":"https:\/\/www.lixus.cz\/author\/","identifier":1,"image":{"@type":"ImageObject","@id":"https:\/\/secure.gravatar.com\/avatar\/70b0b0c6ef7dca5d65c935edece415df3e99a7281ef835a281ae62fb4236351b?s=96&d=mm&r=g","url":"https:\/\/secure.gravatar.com\/avatar\/70b0b0c6ef7dca5d65c935edece415df3e99a7281ef835a281ae62fb4236351b?s=96&d=mm&r=g","height":96,"width":96}},"publisher":{"@type":"Organization","name":"lixus.cz","logo":{"@type":"ImageObject","@id":"\/logo.png","url":"\/logo.png","width":600,"height":60}},"image":null,"wordCount":253,"keywords":null},{"@type":"Article","@id":"https:\/\/www.lixus.cz\/stresni-okna-s-mikroventilaci-i-ventilacni-klapkou-jsou-tu\/","headline":"St\u0159e\u0161n\u00ed okna s mikroventilac\u00ed i ventila\u010dn\u00ed klapkou jsou tu!","url":"https:\/\/www.lixus.cz\/stresni-okna-s-mikroventilaci-i-ventilacni-klapkou-jsou-tu\/","datePublished":"2023-05-29","dateModified":"2024-06-04","mainEntityOfPage":"https:\/\/www.lixus.cz\/stresni-okna-s-mikroventilaci-i-ventilacni-klapkou-jsou-tu\/","author":{"@type":"Person","@id":"https:\/\/www.lixus.cz\/author\/#Person","name":"","url":"https:\/\/www.lixus.cz\/author\/","identifier":1,"image":{"@type":"ImageObject","@id":"https:\/\/secure.gravatar.com\/avatar\/70b0b0c6ef7dca5d65c935edece415df3e99a7281ef835a281ae62fb4236351b?s=96&d=mm&r=g","url":"https:\/\/secure.gravatar.com\/avatar\/70b0b0c6ef7dca5d65c935edece415df3e99a7281ef835a281ae62fb4236351b?s=96&d=mm&r=g","height":96,"width":96}},"publisher":{"@type":"Organization","name":"lixus.cz","logo":{"@type":"ImageObject","@id":"\/logo.png","url":"\/logo.png","width":600,"height":60}},"image":null,"wordCount":281,"keywords":null},{"@type":"Article","@id":"https:\/\/www.lixus.cz\/jak-vyuzit-v-dome-prostor\/","headline":"Jak vyu\u017e\u00edt v dom\u011b prostor?","url":"https:\/\/www.lixus.cz\/jak-vyuzit-v-dome-prostor\/","datePublished":"2023-05-27","dateModified":"2023-05-27","mainEntityOfPage":"https:\/\/www.lixus.cz\/jak-vyuzit-v-dome-prostor\/","author":{"@type":"Person","@id":"https:\/\/www.lixus.cz\/author\/#Person","name":"","url":"https:\/\/www.lixus.cz\/author\/","identifier":1,"image":{"@type":"ImageObject","@id":"https:\/\/secure.gravatar.com\/avatar\/70b0b0c6ef7dca5d65c935edece415df3e99a7281ef835a281ae62fb4236351b?s=96&d=mm&r=g","url":"https:\/\/secure.gravatar.com\/avatar\/70b0b0c6ef7dca5d65c935edece415df3e99a7281ef835a281ae62fb4236351b?s=96&d=mm&r=g","height":96,"width":96}},"publisher":{"@type":"Organization","name":"lixus.cz","logo":{"@type":"ImageObject","@id":"\/logo.png","url":"\/logo.png","width":600,"height":60}},"image":{"@type":"ImageObject","@id":"https:\/\/www.lixus.cz\/wp-content\/uploads\/serhat-beyazkaya-ayWgRkCk2sQ-unsplash_1.jpg","url":"https:\/\/www.lixus.cz\/wp-content\/uploads\/serhat-beyazkaya-ayWgRkCk2sQ-unsplash_1.jpg","height":0,"width":0},"wordCount":589,"keywords":null},{"@type":"Article","@id":"https:\/\/www.lixus.cz\/poppers-vam-dovoli-se-uvolnit\/","headline":"Poppers v\u00e1m dovol\u00ed se uvolnit","url":"https:\/\/www.lixus.cz\/poppers-vam-dovoli-se-uvolnit\/","datePublished":"2023-05-24","dateModified":"2024-06-04","mainEntityOfPage":"https:\/\/www.lixus.cz\/poppers-vam-dovoli-se-uvolnit\/","author":{"@type":"Person","@id":"https:\/\/www.lixus.cz\/author\/#Person","name":"","url":"https:\/\/www.lixus.cz\/author\/","identifier":1,"image":{"@type":"ImageObject","@id":"https:\/\/secure.gravatar.com\/avatar\/70b0b0c6ef7dca5d65c935edece415df3e99a7281ef835a281ae62fb4236351b?s=96&d=mm&r=g","url":"https:\/\/secure.gravatar.com\/avatar\/70b0b0c6ef7dca5d65c935edece415df3e99a7281ef835a281ae62fb4236351b?s=96&d=mm&r=g","height":96,"width":96}},"publisher":{"@type":"Organization","name":"lixus.cz","logo":{"@type":"ImageObject","@id":"\/logo.png","url":"\/logo.png","width":600,"height":60}},"image":null,"wordCount":267,"keywords":null},{"@type":"Article","@id":"https:\/\/www.lixus.cz\/zajimavy-zpusob-jak-natacet\/","headline":"Zaj\u00edmav\u00fd zp\u016fsob, jak nat\u00e1\u010det","url":"https:\/\/www.lixus.cz\/zajimavy-zpusob-jak-natacet\/","datePublished":"2023-05-23","dateModified":"2024-05-27","mainEntityOfPage":"https:\/\/www.lixus.cz\/zajimavy-zpusob-jak-natacet\/","author":{"@type":"Person","@id":"https:\/\/www.lixus.cz\/author\/#Person","name":"","url":"https:\/\/www.lixus.cz\/author\/","identifier":1,"image":{"@type":"ImageObject","@id":"https:\/\/secure.gravatar.com\/avatar\/70b0b0c6ef7dca5d65c935edece415df3e99a7281ef835a281ae62fb4236351b?s=96&d=mm&r=g","url":"https:\/\/secure.gravatar.com\/avatar\/70b0b0c6ef7dca5d65c935edece415df3e99a7281ef835a281ae62fb4236351b?s=96&d=mm&r=g","height":96,"width":96}},"publisher":{"@type":"Organization","name":"lixus.cz","logo":{"@type":"ImageObject","@id":"\/logo.png","url":"\/logo.png","width":600,"height":60}},"image":null,"wordCount":279,"keywords":null},{"@type":"Article","@id":"https:\/\/www.lixus.cz\/na-koho-se-muzete-spolehnout\/","headline":"Na koho se m\u016f\u017eete spolehnout?","url":"https:\/\/www.lixus.cz\/na-koho-se-muzete-spolehnout\/","datePublished":"2023-05-22","dateModified":"2024-05-25","mainEntityOfPage":"https:\/\/www.lixus.cz\/na-koho-se-muzete-spolehnout\/","author":{"@type":"Person","@id":"https:\/\/www.lixus.cz\/author\/#Person","name":"","url":"https:\/\/www.lixus.cz\/author\/","identifier":1,"image":{"@type":"ImageObject","@id":"https:\/\/secure.gravatar.com\/avatar\/70b0b0c6ef7dca5d65c935edece415df3e99a7281ef835a281ae62fb4236351b?s=96&d=mm&r=g","url":"https:\/\/secure.gravatar.com\/avatar\/70b0b0c6ef7dca5d65c935edece415df3e99a7281ef835a281ae62fb4236351b?s=96&d=mm&r=g","height":96,"width":96}},"publisher":{"@type":"Organization","name":"lixus.cz","logo":{"@type":"ImageObject","@id":"\/logo.png","url":"\/logo.png","width":600,"height":60}},"image":null,"wordCount":287,"keywords":null}]},{"@context":"https:\/\/schema.org","@type":"WebSite","@id":"https:\/\/www.lixus.cz\/#website","name":"Lixus","url":"https:\/\/www.lixus.cz","potentialAction":{"@type":"SearchAction","target":"https:\/\/www.lixus.cz\/?s={search_term_string}","query-input":"required name=search_term_string"}}]