[{"@context":"https:\/\/schema.org\/","@type":"Article","@id":"https:\/\/www.lixus.cz\/kdo-ma-rad-drevo\/#Article","mainEntityOfPage":"https:\/\/www.lixus.cz\/kdo-ma-rad-drevo\/","headline":"Kdo m\u00e1 r\u00e1d d\u0159evo?","name":"Kdo m\u00e1 r\u00e1d d\u0159evo?","description":"Kdo m\u00e1 r\u00e1d d\u0159evo, tak m\u016f\u017ee tento materi\u00e1l vyu\u017e\u00edt nejen p\u0159i za\u0159izov\u00e1n\u00ed sv\u00e9ho bydlen\u00ed, ale m\u016f\u017ee nechat \u201epromluvit\u201c jeho kr\u00e1su i zp\u016fsobem, kter\u00fd jsou schopna zajistit kvalitn\u00ed d\u0159ev\u011bn\u00e1 eurookna. TVT EURO-okna s.r.o. je firma, kter\u00e1 m\u00e1 zku\u0161enosti i z\u00e1zem\u00ed a nab\u00edz\u00ed perfektn\u00ed slu\u017eby. Pokud se zaj\u00edm\u00e1te o d\u0159ev\u011bn\u00e1 eurookna v nejvy\u0161\u0161\u00ed kvalit\u011b a to jak [&hellip;]","datePublished":"2025-04-25","dateModified":"2025-04-25","author":{"@type":"Person","@id":"https:\/\/www.lixus.cz\/author\/#Person","name":"","url":"https:\/\/www.lixus.cz\/author\/","identifier":1,"image":{"@type":"ImageObject","@id":"https:\/\/secure.gravatar.com\/avatar\/70b0b0c6ef7dca5d65c935edece415df3e99a7281ef835a281ae62fb4236351b?s=96&d=mm&r=g","url":"https:\/\/secure.gravatar.com\/avatar\/70b0b0c6ef7dca5d65c935edece415df3e99a7281ef835a281ae62fb4236351b?s=96&d=mm&r=g","height":96,"width":96}},"publisher":{"@type":"Organization","name":"lixus.cz","logo":{"@type":"ImageObject","@id":"\/logo.png","url":"\/logo.png","width":600,"height":60}},"url":"https:\/\/www.lixus.cz\/kdo-ma-rad-drevo\/","wordCount":185,"articleBody":"Kdo m\u00e1 r\u00e1d d\u0159evo, tak m\u016f\u017ee tento materi\u00e1l vyu\u017e\u00edt nejen p\u0159i za\u0159izov\u00e1n\u00ed sv\u00e9ho bydlen\u00ed, ale m\u016f\u017ee nechat \u201epromluvit\u201c jeho kr\u00e1su i zp\u016fsobem, kter\u00fd jsou schopna zajistit kvalitn\u00ed d\u0159ev\u011bn\u00e1 eurookna. TVT EURO-okna s.r.o. je firma, kter\u00e1 m\u00e1 zku\u0161enosti i z\u00e1zem\u00ed a nab\u00edz\u00ed perfektn\u00ed slu\u017eby. Pokud se zaj\u00edm\u00e1te o d\u0159ev\u011bn\u00e1 eurookna v nejvy\u0161\u0161\u00ed kvalit\u011b a to jak z hlediska pou\u017eit\u00e9ho materi\u00e1lu, tak i z hlediska proveden\u00ed, pak za\u0161lete po\u017eadavek anebo se obra\u0165te na pracovn\u00edky firmy telefonicky. V co nejkrat\u0161\u00edm term\u00ednu z\u00edsk\u00e1te n\u00e1vrh \u0159e\u0161en\u00ed, postup pr\u00e1ce i orienta\u010dn\u00ed cenovou kalkulaci. Modern\u00ed kvalitn\u00ed d\u0159ev\u011bn\u00e1 eurookna jsou schopn\u00e1 poskytnout v\u0161em u\u017eivatel\u016fm naprost\u00fd komfort, kter\u00fd vych\u00e1z\u00ed toho, jak\u00fdmi vlastnostmi jsou vybavena. Vykazuj\u00ed pevnost a tvarovou st\u00e1lost r\u00e1m\u016f i k\u0159\u00eddel, d\u00edky \u0161pi\u010dkov\u00e9mu kov\u00e1n\u00ed umo\u017e\u0148uj\u00ed pohodln\u00e9 ovl\u00e1d\u00e1n\u00ed a p\u0159in\u00e1\u0161ej\u00ed nemal\u00e9 \u00faspory n\u00e1klad\u016f za energii.                                                                                                                                                                                                                                                                                                                                                                                                "},{"@context":"https:\/\/schema.org\/","@type":"BreadcrumbList","itemListElement":[{"@type":"ListItem","position":1,"name":"Kdo m\u00e1 r\u00e1d d\u0159evo?","item":"https:\/\/www.lixus.cz\/kdo-ma-rad-drevo\/#breadcrumbitem"}]}]