[{"@context":"https:\/\/schema.org\/","@type":"Article","@id":"https:\/\/www.lixus.cz\/kam-ulozit-osobni-veci-pri-rekonstrukci-domu\/#Article","mainEntityOfPage":"https:\/\/www.lixus.cz\/kam-ulozit-osobni-veci-pri-rekonstrukci-domu\/","headline":"Kam ulo\u017eit osobn\u00ed v\u011bci p\u0159i rekonstrukci domu","name":"Kam ulo\u017eit osobn\u00ed v\u011bci p\u0159i rekonstrukci domu","description":"Rekonstrukce rodinn\u00fdch dom\u016f \u010di rekrea\u010dn\u00edch objekt\u016f je b\u011b\u017en\u00fd jev, j\u00edm\u017e se zab\u00fdvaj\u00ed miliony lid\u00ed na cel\u00e9m sv\u011bt\u011b. Z\u00edskaj\u00ed-li objekt prodejem nebo d\u011bdictv\u00edm, st\u00e1v\u00e1 se, \u017ee interi\u00e9r nevyhovuje jejich sou\u010dasn\u00fdm pot\u0159eb\u00e1m, je zapot\u0159eb\u00ed zv\u011bt\u0161it prostor kuchyn\u011b a vybourat p\u0159\u00ed\u010dku mezi kuchyn\u00ed a ob\u00fdv\u00e1kem, p\u0159istav\u011bt terasu, vybudovat podlahov\u00e9 vyt\u00e1p\u011bn\u00ed, zv\u011bt\u0161it \u010di vym\u011bnit okna a st\u0159e\u0161n\u00ed krytinu atd. [&hellip;]","datePublished":"2023-07-18","dateModified":"2023-07-18","author":{"@type":"Person","@id":"https:\/\/www.lixus.cz\/author\/#Person","name":"","url":"https:\/\/www.lixus.cz\/author\/","identifier":1,"image":{"@type":"ImageObject","@id":"https:\/\/secure.gravatar.com\/avatar\/70b0b0c6ef7dca5d65c935edece415df3e99a7281ef835a281ae62fb4236351b?s=96&d=mm&r=g","url":"https:\/\/secure.gravatar.com\/avatar\/70b0b0c6ef7dca5d65c935edece415df3e99a7281ef835a281ae62fb4236351b?s=96&d=mm&r=g","height":96,"width":96}},"publisher":{"@type":"Organization","name":"lixus.cz","logo":{"@type":"ImageObject","@id":"\/logo.png","url":"\/logo.png","width":600,"height":60}},"image":{"@type":"ImageObject","@id":"https:\/\/www.lixus.cz\/wp-content\/uploads\/hamburgensien-3633854_640.jpg","url":"https:\/\/www.lixus.cz\/wp-content\/uploads\/hamburgensien-3633854_640.jpg","height":0,"width":0},"url":"https:\/\/www.lixus.cz\/kam-ulozit-osobni-veci-pri-rekonstrukci-domu\/","about":["Byznys"],"wordCount":423,"articleBody":"        Rekonstrukce rodinn\u00fdch dom\u016f \u010di rekrea\u010dn\u00edch objekt\u016f je b\u011b\u017en\u00fd jev, j\u00edm\u017e se zab\u00fdvaj\u00ed miliony lid\u00ed na cel\u00e9m sv\u011bt\u011b. Z\u00edskaj\u00ed-li objekt prodejem nebo d\u011bdictv\u00edm, st\u00e1v\u00e1 se, \u017ee interi\u00e9r nevyhovuje jejich sou\u010dasn\u00fdm pot\u0159eb\u00e1m, je zapot\u0159eb\u00ed zv\u011bt\u0161it prostor kuchyn\u011b a vybourat p\u0159\u00ed\u010dku mezi kuchyn\u00ed a ob\u00fdv\u00e1kem, p\u0159istav\u011bt terasu, vybudovat podlahov\u00e9 vyt\u00e1p\u011bn\u00ed, zv\u011bt\u0161it \u010di vym\u011bnit okna a st\u0159e\u0161n\u00ed krytinu atd.Rekonstrukce dom\u016f s vlastn\u00ed zahradou maj\u00ed dv\u011b podstatn\u00e9 v\u00fdhody v\u016f\u010di byt\u016fm v bytov\u00fdch domech. Tou prvn\u00ed je, \u017ee nejste v\u00e1z\u00e1ni na ostatn\u00ed obyvatele domu a nemus\u00edte na nikoho tedy br\u00e1t ohled, co se t\u00fd\u010de stavebn\u00edch \u00faprav, domovn\u00edch stoupa\u010dek a in\u017een\u00fdrsk\u00fdch s\u00edt\u00ed, a tou druhou je mo\u017enost um\u00edstit ve\u0161ker\u00e9 vnit\u0159n\u00ed vybaven\u00ed v bl\u00edzkosti domu \u2013 na zahrad\u011b. Zahrada sk\u00fdt\u00e1 \u0159adu mo\u017enost\u00ed, kam ulo\u017eit n\u00e1bytek, spot\u0159ebi\u010de, koberce a drobn\u00e9 p\u0159edm\u011bty, kam pat\u0159\u00ed r\u016fzn\u00e9 k\u016flny, d\u0159evn\u00edky, p\u0159\u00edst\u0159e\u0161ky, pergoly, alt\u00e1ny, gar\u00e1\u017ee \u010di gar\u00e1\u017eov\u00e1 st\u00e1n\u00ed, ale co kdy\u017e nic takov\u00e9ho k dispozici nem\u00e1te, anebo je v\u0161ude plno?Pak se nab\u00edz\u00ed sklad pron\u00e1jem https:\/\/www.otpsklady.cz\/, tedy l\u00e9pe \u0159e\u010deno pron\u00e1jem skladov\u00fdch kontejner\u016f. Ano, jsou to ty zn\u00e1m\u00e9 plechov\u00e9 krabice, \u0161est nebo dvan\u00e1ct metr\u016f dlouh\u00e9, a dva a p\u016fl metru \u0161irok\u00e9 a vysok\u00e9, kam vyskl\u00e1d\u00e1te v\u0161e, co pot\u0159ebujete, uzav\u0159ete a zamknete plechov\u00e1 vrata a m\u00e1te klid. Rekonstrukce tak m\u016f\u017ee za\u010d\u00edt podle pl\u00e1nu a vy si v p\u0159\u00edpad\u011b pot\u0159eby v\u017edy z kontejneru vyzvednete ur\u010dit\u00e9 p\u0159edm\u011bty, anebo tam zas n\u011bco vlo\u017e\u00edte, a to velice pru\u017en\u011b, jednodu\u0161e a rychle, ani\u017e byste museli v\u00e1\u017eit cestu do n\u011bjak\u00e9ho extern\u00edho \u00falo\u017ei\u0161t\u011b, nap\u0159\u00edklad u st\u011bhovac\u00ed firmy.Pron\u00e1jmy skladov\u00fdch kontejner\u016f prob\u00edhaj\u00ed nep\u0159etr\u017eit\u011b po cel\u00fd rok a m\u016f\u017eete si je rezervovat na n\u011bkolik t\u00fddn\u016f \u010di m\u011bs\u00edc\u016f. Mo\u017en\u00e9 je i pronajmout v\u00edce kontejner\u016f najednou a um\u00edstit je na zahrad\u011b vedle sebe \u010di na sebe. Kontejner je bezpe\u010dn\u00e9 \u00falo\u017ei\u0161t\u011b, chr\u00e1n\u00edc\u00ed v\u0161e uvnit\u0159 p\u0159ed pov\u011btrnostn\u00edmi vlivy na jak\u00e9mkoli typu pozemku.                                                                                                                                                                                                                                                                                                                                                                                          3.3\/5 - (7 votes)        "},{"@context":"https:\/\/schema.org\/","@type":"BreadcrumbList","itemListElement":[{"@type":"ListItem","position":1,"name":"Kam ulo\u017eit osobn\u00ed v\u011bci p\u0159i rekonstrukci domu","item":"https:\/\/www.lixus.cz\/kam-ulozit-osobni-veci-pri-rekonstrukci-domu\/#breadcrumbitem"}]}]