[{"@context":"https:\/\/schema.org\/","@type":"Article","@id":"https:\/\/www.lixus.cz\/autofolie-morava-byla-moje-spravna-volba\/#Article","mainEntityOfPage":"https:\/\/www.lixus.cz\/autofolie-morava-byla-moje-spravna-volba\/","headline":"Autof\u00f3lie Morava byla moje spr\u00e1vn\u00e1 volba","name":"Autof\u00f3lie Morava byla moje spr\u00e1vn\u00e1 volba","description":"Nev\u00edm jak vy, ale j\u00e1 m\u00e1m r\u00e1da, kdy\u017e jsem si jist\u00e1 lidmi, kter\u00e9 \u017e\u00e1d\u00e1m o n\u011bjakou slu\u017ebu, \u017ee jsou to prost\u011b odborn\u00edci na sv\u00e9m m\u00edst\u011b, \u017ee se na n\u011b mohu spolehnout, \u017ee m\u011b prost\u011b jen tak nepodfouknou a nevy\u0161plouchnou, a \u017ee slu\u017ebu, kterou pro m\u011b vykonaj\u00ed, budu moci s radost\u00ed zaplatit. Ano pochopil jste spr\u00e1vn\u011b [&hellip;]","datePublished":"2023-05-29","dateModified":"2024-06-04","author":{"@type":"Person","@id":"https:\/\/www.lixus.cz\/author\/#Person","name":"","url":"https:\/\/www.lixus.cz\/author\/","identifier":1,"image":{"@type":"ImageObject","@id":"https:\/\/secure.gravatar.com\/avatar\/70b0b0c6ef7dca5d65c935edece415df3e99a7281ef835a281ae62fb4236351b?s=96&d=mm&r=g","url":"https:\/\/secure.gravatar.com\/avatar\/70b0b0c6ef7dca5d65c935edece415df3e99a7281ef835a281ae62fb4236351b?s=96&d=mm&r=g","height":96,"width":96}},"publisher":{"@type":"Organization","name":"lixus.cz","logo":{"@type":"ImageObject","@id":"\/logo.png","url":"\/logo.png","width":600,"height":60}},"url":"https:\/\/www.lixus.cz\/autofolie-morava-byla-moje-spravna-volba\/","wordCount":214,"articleBody":"Nev\u00edm jak vy, ale j\u00e1 m\u00e1m r\u00e1da, kdy\u017e jsem si jist\u00e1 lidmi, kter\u00e9 \u017e\u00e1d\u00e1m o n\u011bjakou slu\u017ebu, \u017ee jsou to prost\u011b odborn\u00edci na sv\u00e9m m\u00edst\u011b, \u017ee se na n\u011b mohu spolehnout, \u017ee m\u011b prost\u011b jen tak nepodfouknou a nevy\u0161plouchnou, a \u017ee slu\u017ebu, kterou pro m\u011b vykonaj\u00ed, budu moci s radost\u00ed zaplatit. Ano pochopil jste spr\u00e1vn\u011b &#8211; jsem opravdu \u017eena, kter\u00e1 se rozhodla vylep\u0161it sv\u016fj v\u016fz t\u00f3nov\u00e1n\u00edm autoskel v Brn\u011b a nebyla si stoprocentn\u011b jista, kam se pro tuto slu\u017ebu obr\u00e1tit. Nakonec jsem postupovala podle doporu\u010den\u00ed p\u0159\u00e1tel, kte\u0159\u00ed m\u011b poslali do spole\u010dnosti Autof\u00f3lie Morava, nebo\u0165 s n\u00ed m\u011bli bezvadn\u00e9 zku\u0161enosti.\tD\u011bkuji a doporu\u010duji!Mus\u00edm \u0159\u00edci, \u017ee ani j\u00e1 jsem nelitovala, pr\u00e1v\u011b naopak. Po neblah\u00fdch zku\u0161enostech, kdy jsem v nejr\u016fzn\u011bj\u0161\u00edch autoservisech zjistila, \u017ee jako \u017eena nem\u00e1m \u0161anci dobrat se kvalitn\u00ed opravy, kvalitn\u00ed pr\u00e1ce za seri\u00f3zn\u00ed cenu, nebo\u0165 bylo na prvn\u00ed pohled vid\u011bt, \u017ee problematice v\u016fbec nerozum\u00edm, jsem se ocitla v b\u00e1je\u010dn\u00e9 spole\u010dnosti \u0161ikovn\u00fdch profesion\u00e1l\u016f, kte\u0159\u00ed si mne p\u0159edch\u00e1zeli a svou pr\u00e1ci odvedli perfektn\u011b, rychle a levn\u011b.                                                                                                                                                                                                                                                                                                                                                                                        3\/5 - (7 votes)        "},{"@context":"https:\/\/schema.org\/","@type":"BreadcrumbList","itemListElement":[{"@type":"ListItem","position":1,"name":"Autof\u00f3lie Morava byla moje spr\u00e1vn\u00e1 volba","item":"https:\/\/www.lixus.cz\/autofolie-morava-byla-moje-spravna-volba\/#breadcrumbitem"}]}]